[{"@context":"https:\/\/schema.org\/","@type":"Article","@id":"https:\/\/www.amms.cz\/tabor-dle-vlastniho-vyberu\/#Article","mainEntityOfPage":"https:\/\/www.amms.cz\/tabor-dle-vlastniho-vyberu\/","headline":"T\u00e1bor dle vlastn\u00edho v\u00fdb\u011bru","name":"T\u00e1bor dle vlastn\u00edho v\u00fdb\u011bru","description":"Va\u0161e d\u011bti letos poprv\u00e9 vyr\u00e1\u017eej\u00ed na sv\u016fj prvn\u00ed t\u00e1bor. A to se v\u00ed, \u017ee se jedn\u00e1 o t\u00e1bor p\u0159\u00edm\u011bstsk\u00fd, nebo\u0165 [&hellip;]","datePublished":"2024-11-05","dateModified":"2024-11-05","author":{"@type":"Person","@id":"https:\/\/www.amms.cz\/author\/#Person","name":"","url":"https:\/\/www.amms.cz\/author\/","identifier":1,"image":{"@type":"ImageObject","@id":"https:\/\/secure.gravatar.com\/avatar\/70b0b0c6ef7dca5d65c935edece415df3e99a7281ef835a281ae62fb4236351b?s=96&d=mm&r=g","url":"https:\/\/secure.gravatar.com\/avatar\/70b0b0c6ef7dca5d65c935edece415df3e99a7281ef835a281ae62fb4236351b?s=96&d=mm&r=g","height":96,"width":96}},"publisher":{"@type":"Organization","name":"amms.cz","logo":{"@type":"ImageObject","@id":"\/logo.png","url":"\/logo.png","width":600,"height":60}},"url":"https:\/\/www.amms.cz\/tabor-dle-vlastniho-vyberu\/","wordCount":244,"articleBody":"\tVa\u0161e d\u011bti letos poprv\u00e9 vyr\u00e1\u017eej\u00ed na sv\u016fj prvn\u00ed t\u00e1bor. A to se v\u00ed, \u017ee se jedn\u00e1 o t\u00e1bor p\u0159\u00edm\u011bstsk\u00fd, nebo\u0165 v\u00a0jejich v\u011bku byste se je\u0161t\u011b b\u00e1la pustit je na \u010dtrn\u00e1ct dn\u00ed n\u011bkam samostatn\u011b daleko od rodiny. A tak\u00e9 by jim jist\u011b bylo smutno. Tak\u017ee v\u00e1s pot\u011b\u0161ilo, kdy\u017e jste mezi p\u0159\u00edm\u011bstsk\u00fdmi t\u00e1bory, kter\u00e9 po\u0159\u00e1d\u00e1 zdej\u0161\u00ed st\u0159edisko voln\u00e9ho \u010dasu, narazila na takov\u00fd, kter\u00fd se va\u0161im d\u011btem zal\u00edbil. Cel\u00e1 va\u0161e rodina toti\u017e s\u00a0nad\u0161en\u00edm sportuje, a tak i va\u0161e d\u011bti m\u011bly z\u00e1jem o pobyt, kde se budou pravideln\u011b h\u00fdbat a nebude to tam \u017e\u00e1dn\u00e1 nuda.\tStylov\u00e9 oble\u010den\u00ed k\u00a0tomu pat\u0159\u00edTak\u017ee p\u0159\u00ed\u0161t\u00edch \u010dtrn\u00e1ct dn\u00ed budou den, co den v\u017edy po r\u00e1nu vyr\u00e1\u017eet na sv\u00fdch horsk\u00fdch kolech za zaj\u00edmavostmi okoln\u00ed krajiny, abyste je v\u017edy pozd\u011b odpoledne p\u0159iv\u00edtala zase doma. A abyste va\u0161e d\u011bti na takov\u00fd pobyt \u0159\u00e1dn\u011b namotivovala, tak jste jim sl\u00edbila, \u017ee jim nech\u00e1te u\u0161\u00edt origin\u00e1ln\u00ed cyklodresy s motivem dle jejich p\u0159\u00e1n\u00ed. Budou tak vypadat stylov\u011b a v\u0161em bude na prvn\u00ed pohled jasn\u00e9, \u017ee pat\u0159\u00ed k\u00a0sob\u011b. A jste si jist\u00e1 t\u00edm, \u017ee jejich oble\u010dky ostatn\u00ed d\u011bti tak\u00e9 zaujmou, proto\u017ee budou origin\u00e1ln\u00ed, modern\u00ed a hrav\u00e9.                                                                                                                                                                                                                                                                                                                                                                                                "},{"@context":"https:\/\/schema.org\/","@type":"BreadcrumbList","itemListElement":[{"@type":"ListItem","position":1,"name":"T\u00e1bor dle vlastn\u00edho v\u00fdb\u011bru","item":"https:\/\/www.amms.cz\/tabor-dle-vlastniho-vyberu\/#breadcrumbitem"}]}]