[{"@context":"https:\/\/schema.org\/","@type":"Article","@id":"https:\/\/www.amms.cz\/rovnost-muzu-a-zen-v-soucasnosti\/#Article","mainEntityOfPage":"https:\/\/www.amms.cz\/rovnost-muzu-a-zen-v-soucasnosti\/","headline":"Rovnost mu\u017e\u016f a \u017een v sou\u010dasnosti.","name":"Rovnost mu\u017e\u016f a \u017een v sou\u010dasnosti.","description":"\u017deny a mu\u017ei bychom si m\u011bli b\u00fdt rovni. Ale je to opravdu pravda? A je opravdu mo\u017en\u00e9, aby si v\u016fbec [&hellip;]","datePublished":"2023-09-19","dateModified":"2023-11-14","author":{"@type":"Person","@id":"https:\/\/www.amms.cz\/author\/#Person","name":"","url":"https:\/\/www.amms.cz\/author\/","identifier":1,"image":{"@type":"ImageObject","@id":"https:\/\/secure.gravatar.com\/avatar\/70b0b0c6ef7dca5d65c935edece415df3e99a7281ef835a281ae62fb4236351b?s=96&d=mm&r=g","url":"https:\/\/secure.gravatar.com\/avatar\/70b0b0c6ef7dca5d65c935edece415df3e99a7281ef835a281ae62fb4236351b?s=96&d=mm&r=g","height":96,"width":96}},"publisher":{"@type":"Organization","name":"amms.cz","logo":{"@type":"ImageObject","@id":"\/logo.png","url":"\/logo.png","width":600,"height":60}},"image":{"@type":"ImageObject","@id":"https:\/\/www.amms.cz\/wp-content\/uploads\/equality-2110599_640%20(3).jpg","url":"https:\/\/www.amms.cz\/wp-content\/uploads\/equality-2110599_640%20(3).jpg","height":0,"width":0},"url":"https:\/\/www.amms.cz\/rovnost-muzu-a-zen-v-soucasnosti\/","about":["D\u016fm a zahrada"],"wordCount":561,"articleBody":"   \u017deny a mu\u017ei bychom si m\u011bli b\u00fdt rovni. Ale je to opravdu pravda? A je opravdu mo\u017en\u00e9, aby si v\u016fbec \u017eeny a mu\u017ei byli rovni? Anebo je to s\u00e1le naopak. A po\u0159\u00e1d se pohybujeme v realit\u011b, kde \u017eeny jsou po\u0159\u00e1d pod mu\u017eskou nadvl\u00e1dou a m\u00e1me se jim pod\u0159izovat? Co vy sami si o tom mysl\u00edte? A jak\u00fd na to m\u00e1te n\u00e1zor. Ono toti\u017e velmi z\u00e1le\u017e\u00ed na tom, z jak\u00e9ho pohledu se na to d\u00edv\u00e1me. A tak\u00e9 na to, v jak\u00e9m kout\u011b sv\u011bta se to odehr\u00e1v\u00e1. Proto\u017ee se situace velice m\u011bn\u00ed na cel\u00e9m sv\u011bt\u011b. Zat\u00edmco v Evrop\u011b je situace s rovnost\u00ed pohlav\u00ed pom\u011brn\u011b dobr\u00e1, tak na Bl\u00edzk\u00e9m V\u00fdchod\u011b je situace st\u00e1le pon\u011bkud hodn\u011b vyost\u0159ena. A n\u011bkdy se sna\u017e\u00ed i \u017eeny co nejd\u00e1l ut\u00e9ct. A hledaj\u00ed si domov n\u011bkde jinde. Kde by se c\u00edtily v bezpe\u010d\u00ed a kde by mohly v klidu zalo\u017eit rodinu. Proto\u017ee v jejich kultu\u0159e to nen\u00ed svobodn\u011b mo\u017en\u00e9. A \u017eeny jsou tam \u010dasto poni\u017eov\u00e1ny. A jejich hlas je tot\u00e1ln\u011b uml\u010dov\u00e1n a mnohdy jsou sv\u011bdky jak fyzick\u00e9ho, tak i psychick\u00e9ho n\u00e1sil\u00ed. A j\u00e1 se pt\u00e1m, jestli je tohle norm\u00e1ln\u00ed. A jestli p\u0159ed t\u00edmto probl\u00e9mem chce spole\u010dnost a cel\u00fd sv\u011bt po\u0159\u00e1d zav\u00edrat o\u010di. V\u017edy\u0165 je velmi d\u016fle\u017eit\u00e9 tyhle situace \u0159e\u0161it. A ka\u017ed\u00e9 \u017een\u011b zajistit bezpe\u010d\u00ed a klid a vhodn\u00e9, norm\u00e1ln\u00ed podm\u00ednky k \u017eivotu. Pro\u010d by \u017eeny m\u011bly neust\u00e1le trp\u011bt a pod\u0159izovat se mu\u017e\u016fm? A pro\u010d tedy po\u0159\u00e1d sly\u0161\u00edme slova o emancipaci a rovnosti pohlav\u00ed? Proto\u017ee rovnost je v nedohlednu. To je opravdu jenom poza, kter\u00e1 n\u00e1m m\u00e1 jen zav\u00edrat pusy? To se opravdu jen jednou za \u010das zm\u00edn\u00ed, jak se \u017eeny mohou svobodn\u011b vyjad\u0159ovat a \u017ee vyd\u011bl\u00e1vaj\u00ed stejn\u011b jako mu\u017ei. A opravdu si mysl\u00edte, \u017ee je to pravda? Pod\u00edvejte se nap\u0159\u00edklad do \u0159ad v na\u0161\u00ed \u010desk\u00e9 vl\u00e1d\u011b. Opravdu si mysl\u00edte, \u017ee je tam rovnost pohlav\u00ed? Kolik je tam v zastoupen\u00ed \u017een a mu\u017e\u016f? Je to tak n\u011bjak stejn\u011b. A kolik zn\u00e1te prezidentek a kolik bylo prezident\u016f v historii? Mysl\u00edte si, \u017ee je to n\u00e1hoda? J\u00e1 v\u00e1m opov\u00edm. Nen\u00ed to n\u00e1hoda prost\u011b mu\u017ei jsou rozhodnuti, odm\u00edtnout \u017eeny ve vedouc\u00edch pozic\u00edch nato\u017e, aby jim vl\u00e1dly. Ale pro\u010d? Copak se mu\u017ei opravdu neum\u00ed p\u0159en\u00e9st p\u0159es probl\u00e9my, kter\u00e9 jim p\u0159in\u00e1\u0161\u00ed jejich ega? A pro\u010d nejsou jednodu\u0161e p\u0159ipraveni p\u0159ijmout fakt, \u017ee i \u017eeny jsou vzd\u011blan\u00e9, inteligentn\u00ed a schopn\u00e9? A \u017ee dok\u00e1\u017eou mu\u017ee pln\u011b zastoupit a \u017ee si za to zaslou\u017e\u00ed i jist\u00e9 ohodnocen\u00ed. A \u017ee by nem\u011bly platit jen za pohlav\u00ed. V\u017edy\u0165 je to tak sexistick\u00e9 a zbyte\u010dn\u00e9. A t\u00edm se mu\u017ei jenom sami sebe znehodnocuj\u00ed, proto\u017ee nedok\u00e1\u017eou bojovat f\u00e9r. A \u017eeny se uml\u010det nenechaj\u00ed a jejich tlak bude st\u00e1le nar\u016fstat. Dokud se n\u011bkter\u00e9 nesmysln\u00e9 z\u00e1kony nezru\u0161\u00ed.                                                                                                                                                                                                                                                                                                                                                                                           4.7\/5 - (10 votes)        "},{"@context":"https:\/\/schema.org\/","@type":"BreadcrumbList","itemListElement":[{"@type":"ListItem","position":1,"name":"Rovnost mu\u017e\u016f a \u017een v sou\u010dasnosti.","item":"https:\/\/www.amms.cz\/rovnost-muzu-a-zen-v-soucasnosti\/#breadcrumbitem"}]}]