[{"@context":"https:\/\/schema.org\/","@type":"Article","@id":"https:\/\/www.amms.cz\/proc-obleceni\/#Article","mainEntityOfPage":"https:\/\/www.amms.cz\/proc-obleceni\/","headline":"Pro\u010d oble\u010den\u00ed?","name":"Pro\u010d oble\u010den\u00ed?","description":"Ka\u017ed\u00fd z n\u00e1s se n\u011bjak obl\u00e9k\u00e1. N\u011bkdo konzervativn\u011b, n\u011bkdo naopak v\u00fdst\u0159edn\u011b. A co je \u00fa\u010delem obl\u00e9k\u00e1n\u00ed? Prvotn\u00edm d\u016fvodem vzniku od\u011bv\u016f [&hellip;]","datePublished":"2024-11-26","dateModified":"2024-11-26","author":{"@type":"Person","@id":"https:\/\/www.amms.cz\/author\/#Person","name":"","url":"https:\/\/www.amms.cz\/author\/","identifier":1,"image":{"@type":"ImageObject","@id":"https:\/\/secure.gravatar.com\/avatar\/70b0b0c6ef7dca5d65c935edece415df3e99a7281ef835a281ae62fb4236351b?s=96&d=mm&r=g","url":"https:\/\/secure.gravatar.com\/avatar\/70b0b0c6ef7dca5d65c935edece415df3e99a7281ef835a281ae62fb4236351b?s=96&d=mm&r=g","height":96,"width":96}},"publisher":{"@type":"Organization","name":"amms.cz","logo":{"@type":"ImageObject","@id":"\/logo.png","url":"\/logo.png","width":600,"height":60}},"url":"https:\/\/www.amms.cz\/proc-obleceni\/","wordCount":179,"articleBody":"Ka\u017ed\u00fd z n\u00e1s se n\u011bjak obl\u00e9k\u00e1. N\u011bkdo konzervativn\u011b, n\u011bkdo naopak v\u00fdst\u0159edn\u011b. A co je \u00fa\u010delem obl\u00e9k\u00e1n\u00ed? Prvotn\u00edm d\u016fvodem vzniku od\u011bv\u016f byla ochrana \u010dlov\u011bka zejm\u00e9na p\u0159ed zimou. Teprve v pr\u016fb\u011bhu tis\u00edcilet\u00ed se za\u010dalo db\u00e1t nejen na praktickou str\u00e1nku oble\u010den\u00ed, ale tak\u00e9 na str\u00e1nku estetickou. Pravd\u011bpodobn\u011b ji\u017e v dob\u011b kamenn\u00e9 doch\u00e1zelo k individualizaci jednotliv\u00fdch kus\u016f od\u011bvu, tak, aby se jedinec odli\u0161il n\u011bjak od ostatn\u00edch \u010dlen\u016f spole\u010denstv\u00ed, v n\u011bm\u017e \u017eil. R\u016fzn\u00e9 ozdoby ale nebyla jen projevem individualizace, osobn\u00ed prezentace jedince a projevem jeho osobnosti. Rozd\u00edly jako markanty Rozd\u00edl v obl\u00e9k\u00e1n\u00ed nebyl ale jen libovolnou snahou se odli\u0161it. Brzy za\u010daly p\u0159eva\u017eovat \u00fazy, kter\u00e9 d\u00e1valy svobodn\u00fdm d\u011bv\u010dat\u016fm pr\u00e1vo chodit prostovlas\u00e9, vdan\u00fdm \u017een\u00e1m za\u010depen\u00e9, \u010di o\u0161\u00e1tkovan\u00e9, vdov\u00e1m ur\u010dil pokr\u00fdvku hlavy \u010dernou atd. Vznikl v podstat\u011b prvn\u00ed reklamn\u00ed textil.                                                                                                                                                                                                                                                                                                                                                                                        3.7\/5 - (4 votes)        "},{"@context":"https:\/\/schema.org\/","@type":"BreadcrumbList","itemListElement":[{"@type":"ListItem","position":1,"name":"Pro\u010d oble\u010den\u00ed?","item":"https:\/\/www.amms.cz\/proc-obleceni\/#breadcrumbitem"}]}]