[{"@context":"https:\/\/schema.org\/","@type":"Article","@id":"https:\/\/www.amms.cz\/nase-veda\/#Article","mainEntityOfPage":"https:\/\/www.amms.cz\/nase-veda\/","headline":"Na\u0161e v\u011bda","name":"Na\u0161e v\u011bda","description":"V\u011bda byla v\u017edycky n\u011bco pro m\u011b. A kdy\u017e u\u017e se jedn\u00e1 o v\u011bdu, tak jsem si v\u017edycky \u0159\u00edkala, \u017ee to [&hellip;]","datePublished":"2021-09-13","dateModified":"2023-04-29","author":{"@type":"Person","@id":"https:\/\/www.amms.cz\/author\/#Person","name":"","url":"https:\/\/www.amms.cz\/author\/","identifier":1,"image":{"@type":"ImageObject","@id":"https:\/\/secure.gravatar.com\/avatar\/70b0b0c6ef7dca5d65c935edece415df3e99a7281ef835a281ae62fb4236351b?s=96&d=mm&r=g","url":"https:\/\/secure.gravatar.com\/avatar\/70b0b0c6ef7dca5d65c935edece415df3e99a7281ef835a281ae62fb4236351b?s=96&d=mm&r=g","height":96,"width":96}},"publisher":{"@type":"Organization","name":"amms.cz","logo":{"@type":"ImageObject","@id":"\/logo.png","url":"\/logo.png","width":600,"height":60}},"image":{"@type":"ImageObject","@id":"https:\/\/www.amms.cz\/wp-content\/uploads\/code-1689066_960_720_1.jpg","url":"https:\/\/www.amms.cz\/wp-content\/uploads\/code-1689066_960_720_1.jpg","height":0,"width":0},"url":"https:\/\/www.amms.cz\/nase-veda\/","about":["V\u011bda"],"wordCount":484,"articleBody":"V\u011bda byla v\u017edycky n\u011bco pro m\u011b. A kdy\u017e u\u017e se jedn\u00e1 o v\u011bdu, tak jsem si v\u017edycky \u0159\u00edkala, \u017ee to bude n\u011bco unik\u00e1tn\u00edho. Pamatuji si na sv\u00e9ho bratra, jak si moc p\u0159\u00e1l studovat na n\u011bjak\u00e9 fakult\u011b, kde se vyu\u010duje v\u011bda. A j\u00e1 se mu v\u016fbec nediv\u00edm. Pamatuji si toti\u017e na doby, kdy v\u011bdci v\u0161ude n\u011bkam cestovali, jen aby zjistili, co se kde d\u011bje a pro\u010d. A vlastn\u011b co n\u00e1s zaj\u00edm\u00e1 a jak se to v\u0161echno d\u011bje? Mysl\u00edm, \u017ee v\u0161echno si zaslou\u017e\u00ed b\u00fdt objeveno. Nebo alespo\u0148 zodpov\u011bzeny n\u011bjak\u00e9 ot\u00e1zky. Nav\u00edc j\u00e1 jsem moc r\u00e1da d\u00edv\u00e1m na n\u011bjak\u00e9 dokumenty, kde je t\u0159eba mo\u0159e a tam r\u016fzn\u00ed \u017eivo\u010dichov\u00e9. To je taky v\u011bda. J\u00e1 se moc r\u00e1da zaj\u00edm\u00e1m o dal\u0161\u00ed v\u011bci, kter\u00e9 tak moc praktick\u00e9 nejsou. Zaj\u00edm\u00e1 v\u00e1s t\u0159eba nap\u0159\u00edklad d\u00e9\u0161\u0165 nebo r\u016fzn\u00e9 po\u010das\u00ed? A co pov\u011btrnostn\u00ed podm\u00ednky?V\u00e1m se to \u0159ekne, je to takov\u00e9 oby\u010dejn\u00e9. Jen\u017ee kdy\u017e se nad t\u00edm zamysl\u00edte, tak pro\u010d vznik\u00e1 d\u00e9\u0161\u0165 a pro\u010d chumel\u00ed? Mysl\u00edm, \u017ee na tyto odpov\u011bdi maj\u00ed v\u011bdci n\u011bjak\u00e9 odpov\u011bdi, i kdy\u017e taky nev\u00edm, jestli tomu m\u016f\u017eu v\u011b\u0159it. Tohle v\u0161echno je pr\u00e1v\u011b v\u011bda. V\u011bda se zaj\u00edm\u00e1 t\u00edm, co je d\u016fle\u017eit\u00e9 a co pot\u0159ebuje v\u011bd\u011bt a odpov\u011bd\u011bt na n\u011bjak\u00e9 ot\u00e1zky. Mysl\u00edm, \u017ee pokud by nebyly v\u011bdci, tak nem\u00e1me ani l\u00e9ky ani televizi a dal\u0161\u00ed nutn\u00e9 v\u011bci k \u017eivotu. I kdy\u017e\u00a0tedy\u00a0televize\u00a0nutn\u00e1 nen\u00ed, ale je velmi praktick\u00e1. A pokud o tom nev\u00edte, tak ji\u017e nyn\u00ed tu\u0161\u00edte, \u017ee v\u011bda se pou\u017e\u00edv\u00e1 \u00fapln\u011b ka\u017ed\u00fd den. A to u\u017e\u00edv\u00e1te i vy, ani\u017e byste o tom n\u011bco v\u011bd\u011bli. J\u00e1 sama toho opravdu dost\u00a0vyu\u017e\u00edv\u00e1m\u00a0a mus\u00edm\u00a0\u0159\u00edct, \u017ee kdybych se m\u011bla vzd\u00e1t\u00a0n\u011bjak\u00e9\u00a0m\u00e9 technick\u00e9 a v\u011bdeck\u00e9 v\u011bci, tak bych se bez toho u\u017e neobe\u0161la. Kdybych se m\u011bla nap\u0159\u00edklad vzd\u00e1t sv\u00fdch v\u011bdeck\u00fdch knih, tak bych byla smutn\u00e1. To sam\u00e9, kdyby\u00a0m\u016fj\u00a0bratr musel opustit v\u011bdeckou fakultu.\u00a0 M\u016fj bratr se\u00a0o\u00a0v\u011bdu velmi zaj\u00edm\u00e1 a\u00a0jeho\u00a0sen je b\u00fdt l\u00e9ka\u0159em a j\u00e1 mu to moc p\u0159eji. Chci, aby m\u016fj\u00a0bratr\u00a0byl v\u011bd\u011bt, kdy\u017e si to p\u0159eje. J\u00e1 jsem to \u0161t\u011bst\u00ed nem\u011bla, u\u010den\u00ed mi moc ne\u0161lo, tak\u017ee j\u00e1 bych byla v\u011bdec\u00a0na nic. Nicm\u00e9n\u011b m\u00e1m respekt k cel\u00e9 v\u011bd\u011b a v\u011bdc\u016fm.                                                                                                                                                                                                                                                                                                                                                                                        4\/5 - (9 votes)        "},{"@context":"https:\/\/schema.org\/","@type":"BreadcrumbList","itemListElement":[{"@type":"ListItem","position":1,"name":"Na\u0161e v\u011bda","item":"https:\/\/www.amms.cz\/nase-veda\/#breadcrumbitem"}]}]